{"id":7403,"date":"2023-04-11T08:13:17","date_gmt":"2023-04-11T08:13:17","guid":{"rendered":"https:\/\/activacar.com\/?p=7403"},"modified":"2023-09-13T08:50:11","modified_gmt":"2023-09-13T08:50:11","slug":"fundalogy-nuevo-socio-inversor-de-activacar","status":"publish","type":"post","link":"https:\/\/activacar.com\/en\/fundalogy-nuevo-socio-inversor-de-activacar\/","title":{"rendered":"Fundalogy, nuevo socio inversor de Activacar"},"content":{"rendered":"<div class=\"fusion-fullwidth fullwidth-box fusion-builder-row-1 fusion-flex-container has-pattern-background has-mask-background nonhundred-percent-fullwidth non-hundred-percent-height-scrolling\" style=\"--awb-border-radius-top-left:0px;--awb-border-radius-top-right:0px;--awb-border-radius-bottom-right:0px;--awb-border-radius-bottom-left:0px;\" ><div class=\"fusion-builder-row fusion-row fusion-flex-align-items-flex-start\" style=\"max-width:1320.8px;margin-left: calc(-4% \/ 2 );margin-right: calc(-4% \/ 2 );\"><div class=\"fusion-layout-column fusion_builder_column fusion-builder-column-0 fusion_builder_column_1_1 1_1 fusion-flex-column\" style=\"--awb-bg-size:cover;--awb-width-large:100%;--awb-margin-top-large:25px;--awb-spacing-right-large:1.92%;--awb-margin-bottom-large:25px;--awb-spacing-left-large:1.92%;--awb-width-medium:100%;--awb-order-medium:0;--awb-spacing-right-medium:1.92%;--awb-spacing-left-medium:1.92%;--awb-width-small:100%;--awb-order-small:0;--awb-spacing-right-small:1.92%;--awb-spacing-left-small:1.92%;\"><div class=\"fusion-column-wrapper fusion-column-has-shadow fusion-flex-justify-content-flex-start fusion-content-layout-column\"><div class=\"fusion-text fusion-text-1\">\n<p><span style=\"font-weight: 400;\">En Activacar <\/span><b>anunciamos la incorporaci\u00f3n de un nuevo socio inversor a nuestro proyecto<\/b><span style=\"font-weight: 400;\">. Se trata de<\/span> <a href=\"https:\/\/www.fundalogy.com\/\" target=\"_blank\" rel=\"noopener\"><b>Fundalogy<\/b><\/a><span style=\"font-weight: 400;\">, que es <\/span><b>el instrumento impulsor de iniciativas y proyectos de car\u00e1cter emprendedor y utilidad social creado por la <\/b><b>Fundaci\u00f3n Bancaria Unicaja<\/b><span style=\"font-weight: 400;\">, y que adem\u00e1s cuenta con un amplio portfolio de empresas innovadoras.<\/span><\/p>\n<\/div><div class=\"fusion-image-element\" style=\"--awb-caption-title-size:var(--h2_typography-font-size);--awb-caption-title-transform:var(--h2_typography-text-transform);--awb-caption-title-line-height:var(--h2_typography-line-height);--awb-caption-title-letter-spacing:var(--h2_typography-letter-spacing);\"><span class=\"fusion-imageframe imageframe-none imageframe-1 hover-type-none\"><img decoding=\"async\" width=\"2500\" height=\"1866\" alt=\"fundalogy nuevo inversor de activacar\" title=\"fundalogy nuevo inversor de activacar\" src=\"https:\/\/activacar.com\/wp-content\/uploads\/2023\/03\/DSC_6644.webp\" data-orig-src=\"https:\/\/activacar.com\/wp-content\/uploads\/2023\/03\/DSC_6644.webp\" class=\"lazyload img-responsive wp-image-7365\" srcset=\"data:image\/svg+xml,%3Csvg%20xmlns%3D%27http%3A%2F%2Fwww.w3.org%2F2000%2Fsvg%27%20width%3D%272500%27%20height%3D%271866%27%20viewBox%3D%270%200%202500%201866%27%3E%3Crect%20width%3D%272500%27%20height%3D%271866%27%20fill-opacity%3D%220%22%2F%3E%3C%2Fsvg%3E\" data-srcset=\"https:\/\/activacar.com\/wp-content\/uploads\/2023\/03\/DSC_6644-200x149.webp 200w, https:\/\/activacar.com\/wp-content\/uploads\/2023\/03\/DSC_6644-400x299.webp 400w, https:\/\/activacar.com\/wp-content\/uploads\/2023\/03\/DSC_6644-500x373.webp 500w, https:\/\/activacar.com\/wp-content\/uploads\/2023\/03\/DSC_6644-600x448.webp 600w, https:\/\/activacar.com\/wp-content\/uploads\/2023\/03\/DSC_6644-700x522.webp 700w, https:\/\/activacar.com\/wp-content\/uploads\/2023\/03\/DSC_6644-768x573.webp 768w, https:\/\/activacar.com\/wp-content\/uploads\/2023\/03\/DSC_6644-800x597.webp 800w, https:\/\/activacar.com\/wp-content\/uploads\/2023\/03\/DSC_6644-1200x896.webp 1200w, https:\/\/activacar.com\/wp-content\/uploads\/2023\/03\/DSC_6644-1536x1146.webp 1536w, https:\/\/activacar.com\/wp-content\/uploads\/2023\/03\/DSC_6644.webp 2500w\" data-sizes=\"auto\" data-orig-sizes=\"(max-width: 1024px) 100vw, (max-width: 678px) 100vw, 2500px\" \/><\/span><\/div><div class=\"fusion-title title fusion-title-1 fusion-sep-none fusion-title-text fusion-title-size-two\" style=\"--awb-text-color:#2ed2ac;--awb-margin-top:20px;\"><h2 class=\"title-heading-left fusion-responsive-typography-calculated\" style=\"margin:0;--fontSize:40;line-height:1;\"><b>Desgranando el acuerdo entre Activacar y Fundalogy.<\/b><\/h2><\/div><div class=\"fusion-text fusion-text-2\"><p><b>Con la uni\u00f3n entre <\/b><a href=\"https:\/\/activacar.com\/en\/about\/\"><b>Activacar<\/b><\/a><b> y Fundalogy reforzamos nuestra posici\u00f3n en el mercado y acelera nuestros planes de expansi\u00f3n<\/b><span style=\"font-weight: 400;\">. Gracias a lo que preveemos duplicar la flota de veh\u00edculos disponibles y aumentar nuestra presencia en las principales ciudades del pa\u00eds. Adem\u00e1s, de lanzar nuevos servicios y funcionalidades para mejorar la experiencia de nuestros clientes.<\/span><\/p>\n<p><b>Fundalogy se une as\u00ed a nuestro proyecto como socio estrat\u00e9gico<\/b><span style=\"font-weight: 400;\"> y nos aporta su experiencia, su conocimiento y su red de contactos en el \u00e1mbito financiero y empresarial. Gracias a su apoyo, <\/span><b>podremos seguir mejorando nuestra propuesta de valor y ofrecer a nuestros clientes los mejores servicios.<\/b><\/p>\n<p><b>Eduardo medina, fundador y CEO de Activacar<\/b><span style=\"font-weight: 400;\">, ha expresado su satisfacci\u00f3n por el acuerdo alcanzado con Fundalogy: \u201cEstamos muy contentos de contar con el apoyo de un socio estrat\u00e9gico como Fundalogy, que <\/span><b>comparte nuestra visi\u00f3n y nuestra pasi\u00f3n por transformar el sector de la movilidad<\/b><span style=\"font-weight: 400;\">.<\/span><\/p>\n<p><span style=\"font-weight: 400;\"> Gracias a su experiencia y a su red de contactos, podremos <\/span><b>acelerar nuestro crecimiento y consolidarnos como la empresa l\u00edder proveedora de soluciones para la movilidad el\u00e9ctrica<\/b><span style=\"font-weight: 400;\">\u201d.<\/span><\/p>\n<p><span style=\"font-weight: 400;\">Desde Fundalogy, destacan el potencial de Activacar como <\/span><b>una empresa innovadora que ha sabido aprovechar las oportunidades que ofrece la movilidad el\u00e9ctrica<\/b><span style=\"font-weight: 400;\">\u00a0 para crear un modelo de negocio rentable y sostenible.<\/span><\/p>\n<\/div><div class=\"fusion-image-element\" style=\"--awb-caption-title-size:var(--h2_typography-font-size);--awb-caption-title-transform:var(--h2_typography-text-transform);--awb-caption-title-line-height:var(--h2_typography-line-height);--awb-caption-title-letter-spacing:var(--h2_typography-letter-spacing);\"><span class=\"fusion-imageframe imageframe-none imageframe-2 hover-type-none\"><img decoding=\"async\" width=\"2500\" height=\"1669\" alt=\"fundalogy nuevo inversor de activacar\" title=\"fundalogy nuevo inversor de activacar\" src=\"https:\/\/activacar.com\/wp-content\/uploads\/2023\/03\/DSC_6591.webp\" data-orig-src=\"https:\/\/activacar.com\/wp-content\/uploads\/2023\/03\/DSC_6591.webp\" class=\"lazyload img-responsive wp-image-7366\" srcset=\"data:image\/svg+xml,%3Csvg%20xmlns%3D%27http%3A%2F%2Fwww.w3.org%2F2000%2Fsvg%27%20width%3D%272500%27%20height%3D%271669%27%20viewBox%3D%270%200%202500%201669%27%3E%3Crect%20width%3D%272500%27%20height%3D%271669%27%20fill-opacity%3D%220%22%2F%3E%3C%2Fsvg%3E\" data-srcset=\"https:\/\/activacar.com\/wp-content\/uploads\/2023\/03\/DSC_6591-200x134.webp 200w, https:\/\/activacar.com\/wp-content\/uploads\/2023\/03\/DSC_6591-400x267.webp 400w, https:\/\/activacar.com\/wp-content\/uploads\/2023\/03\/DSC_6591-500x334.webp 500w, https:\/\/activacar.com\/wp-content\/uploads\/2023\/03\/DSC_6591-600x401.webp 600w, https:\/\/activacar.com\/wp-content\/uploads\/2023\/03\/DSC_6591-700x467.webp 700w, https:\/\/activacar.com\/wp-content\/uploads\/2023\/03\/DSC_6591-768x513.webp 768w, https:\/\/activacar.com\/wp-content\/uploads\/2023\/03\/DSC_6591-800x534.webp 800w, https:\/\/activacar.com\/wp-content\/uploads\/2023\/03\/DSC_6591-1200x801.webp 1200w, https:\/\/activacar.com\/wp-content\/uploads\/2023\/03\/DSC_6591-1536x1025.webp 1536w, https:\/\/activacar.com\/wp-content\/uploads\/2023\/03\/DSC_6591.webp 2500w\" data-sizes=\"auto\" data-orig-sizes=\"(max-width: 1024px) 100vw, (max-width: 678px) 100vw, 2500px\" \/><\/span><\/div><div class=\"fusion-slider-sc\"><div class=\"fusion-flexslider-loading flexslider flexslider-hover-type-none\" data-slideshow_autoplay=\"1\" data-slideshow_smooth_height=\"0\" data-slideshow_speed=\"7000\" style=\"max-width:100%;height:100%;\"><ul class=\"slides\"><\/ul><\/div><\/div><div class=\"fusion-title title fusion-title-2 fusion-sep-none fusion-title-text fusion-title-size-two\" style=\"--awb-text-color:#2ed2ac;--awb-margin-top:-20px;\"><h2 class=\"title-heading-left fusion-responsive-typography-calculated\" style=\"margin:0;--fontSize:40;line-height:1;\"><b>Fundalogy, un nuevo miembro del equipo de Activacar.<\/b><\/h2><\/div><div class=\"fusion-text fusion-text-3\"><p><b>Fundalogy tiene como prop\u00f3sito principal<\/b><span style=\"font-weight: 400;\"> servir, dentro de los fines esenciales de la Fundaci\u00f3n Bancaria Unicaja, de<\/span><b> instrumento impulsor de iniciativas de car\u00e1cter emprendedor<\/b><span style=\"font-weight: 400;\"> vinculadas a las nuevas tecnolog\u00edas y a proyectos de impacto social, econ\u00f3mico y medioambiental, que <\/span><b>favorezcan la innovaci\u00f3n y la transferencia de conocimiento a la sociedad<\/b><span style=\"font-weight: 400;\">.<\/span><\/p>\n<p><b>Esta nueva v\u00eda de colaboraci\u00f3n con emprendedores y empresas de ideas innovadoras pretende apoyar proyectos que generen impacto social, econ\u00f3mico y medioambiental<\/b><span style=\"font-weight: 400;\"> en el territorio de actuaci\u00f3n de la Fundaci\u00f3n Bancaria Unicaja.<\/span><\/p>\n<p><b>Fundalogy pretende convertirse en la instituci\u00f3n privada de referencia<\/b><span style=\"font-weight: 400;\"> en Andaluc\u00eda y Ciudad Real <\/span><b>de apoyo al emprendimiento y la investigaci\u00f3<\/b><span style=\"font-weight: 400;\">n, capaz de proporcionar los medios financieros y profesionales necesarios para el desarrollo de iniciativas innovadoras y proyectos de investigaci\u00f3n que se encuentran en su fase inicial y de crecimiento.<\/span><\/p>\n<p><b>La constituci\u00f3n y puesta en marcha de Fundalogy forma parte de las l\u00edneas estrat\u00e9gicas de la Fundaci\u00f3n Bancaria Unicaja<\/b><span style=\"font-weight: 400;\">. Para su desarrollo cuenta con las inversiones que esta realice y que se traducir\u00e1n en colaboraciones con emprendedores y proyectos empresariales de nueva creaci\u00f3n con posibilidades de crecimiento.\u00a0\u00a0<\/span><\/p>\n<p><b>Entre los proyectos a impulsar se valorar\u00e1n fundamentalmente aquellos que contribuyan al desarrollo de la sociedad en general<\/b><span style=\"font-weight: 400;\"> y que est\u00e9n enmarcados dentro de los fines fundacionales de la Fundaci\u00f3n Bancaria Unicaja.<\/span><\/p>\n<p><span style=\"font-weight: 400;\">Tambi\u00e9n se prestar\u00e1 especial atenci\u00f3n a aquellos proyectos con un marcado componente tecnol\u00f3gico, y vinculados al mundo de Internet y las TICs, a los que demuestren una utilidad social o un compromiso con el medioambiente, como es el caso de Activacar.<\/span><\/p>\n<\/div><div class=\"fusion-slider-sc\" style=\"margin-bottom:-1px;\"><div class=\"fusion-flexslider-loading flexslider flexslider-hover-type-none\" data-slideshow_autoplay=\"1\" data-slideshow_smooth_height=\"0\" data-slideshow_speed=\"7000\" style=\"max-width:100%;height:100%;\"><ul class=\"slides\"><li class=\"image\"><span class=\"lazyload fusion-image-hover-element hover-type-none\"><img decoding=\"async\" src=\"https:\/\/activacar.com\/wp-content\/uploads\/2023\/04\/DSC_6602.webp\" data-orig-src=\"https:\/\/activacar.com\/wp-content\/uploads\/2023\/04\/DSC_6602.webp\" alt=\"fundalogy nuevo inversor de activacar\" width=\"2500\" height=\"1784\" class=\"lazyload wp-image-7372\" srcset=\"data:image\/svg+xml,%3Csvg%20xmlns%3D%27http%3A%2F%2Fwww.w3.org%2F2000%2Fsvg%27%20width%3D%272500%27%20height%3D%271784%27%20viewBox%3D%270%200%202500%201784%27%3E%3Crect%20width%3D%272500%27%20height%3D%271784%27%20fill-opacity%3D%220%22%2F%3E%3C%2Fsvg%3E\" data-srcset=\"https:\/\/activacar.com\/wp-content\/uploads\/2023\/04\/DSC_6602-200x143.webp 200w, https:\/\/activacar.com\/wp-content\/uploads\/2023\/04\/DSC_6602-300x214.webp 300w, https:\/\/activacar.com\/wp-content\/uploads\/2023\/04\/DSC_6602-400x285.webp 400w, https:\/\/activacar.com\/wp-content\/uploads\/2023\/04\/DSC_6602-500x357.webp 500w, https:\/\/activacar.com\/wp-content\/uploads\/2023\/04\/DSC_6602-600x428.webp 600w, https:\/\/activacar.com\/wp-content\/uploads\/2023\/04\/DSC_6602-700x500.webp 700w, https:\/\/activacar.com\/wp-content\/uploads\/2023\/04\/DSC_6602-768x548.webp 768w, https:\/\/activacar.com\/wp-content\/uploads\/2023\/04\/DSC_6602-800x571.webp 800w, https:\/\/activacar.com\/wp-content\/uploads\/2023\/04\/DSC_6602-1200x856.webp 1200w, https:\/\/activacar.com\/wp-content\/uploads\/2023\/04\/DSC_6602-1536x1096.webp 1536w, https:\/\/activacar.com\/wp-content\/uploads\/2023\/04\/DSC_6602.webp 2500w\" data-sizes=\"auto\" data-orig-sizes=\"(max-width: 1024px) 100vw, (max-width: 678px) 100vw, 2500px\" \/><\/span><\/li><li class=\"image\"><span class=\"lazyload fusion-image-hover-element hover-type-none\"><img decoding=\"async\" src=\"https:\/\/activacar.com\/wp-content\/uploads\/2023\/04\/DSC_6852.webp\" data-orig-src=\"https:\/\/activacar.com\/wp-content\/uploads\/2023\/04\/DSC_6852.webp\" alt=\"fundalogy nuevo inversor de activacar nosotros\" width=\"2500\" height=\"1809\" class=\"lazyload wp-image-7373\" srcset=\"data:image\/svg+xml,%3Csvg%20xmlns%3D%27http%3A%2F%2Fwww.w3.org%2F2000%2Fsvg%27%20width%3D%272500%27%20height%3D%271809%27%20viewBox%3D%270%200%202500%201809%27%3E%3Crect%20width%3D%272500%27%20height%3D%271809%27%20fill-opacity%3D%220%22%2F%3E%3C%2Fsvg%3E\" data-srcset=\"https:\/\/activacar.com\/wp-content\/uploads\/2023\/04\/DSC_6852-200x145.webp 200w, https:\/\/activacar.com\/wp-content\/uploads\/2023\/04\/DSC_6852-400x289.webp 400w, https:\/\/activacar.com\/wp-content\/uploads\/2023\/04\/DSC_6852-500x362.webp 500w, https:\/\/activacar.com\/wp-content\/uploads\/2023\/04\/DSC_6852-600x434.webp 600w, https:\/\/activacar.com\/wp-content\/uploads\/2023\/04\/DSC_6852-700x507.webp 700w, https:\/\/activacar.com\/wp-content\/uploads\/2023\/04\/DSC_6852-768x556.webp 768w, https:\/\/activacar.com\/wp-content\/uploads\/2023\/04\/DSC_6852-800x579.webp 800w, https:\/\/activacar.com\/wp-content\/uploads\/2023\/04\/DSC_6852-1200x868.webp 1200w, https:\/\/activacar.com\/wp-content\/uploads\/2023\/04\/DSC_6852-1536x1111.webp 1536w, https:\/\/activacar.com\/wp-content\/uploads\/2023\/04\/DSC_6852.webp 2500w\" data-sizes=\"auto\" data-orig-sizes=\"(max-width: 1024px) 100vw, (max-width: 678px) 100vw, 2500px\" \/><\/span><\/li><li class=\"image\"><span class=\"lazyload fusion-image-hover-element hover-type-none\"><img decoding=\"async\" src=\"https:\/\/activacar.com\/wp-content\/uploads\/2023\/04\/DSC_6828.webp\" data-orig-src=\"https:\/\/activacar.com\/wp-content\/uploads\/2023\/04\/DSC_6828.webp\" alt=\"fundalogy nuevo inversor de activacar\" width=\"2500\" height=\"1669\" class=\"lazyload wp-image-7374\" srcset=\"data:image\/svg+xml,%3Csvg%20xmlns%3D%27http%3A%2F%2Fwww.w3.org%2F2000%2Fsvg%27%20width%3D%272500%27%20height%3D%271669%27%20viewBox%3D%270%200%202500%201669%27%3E%3Crect%20width%3D%272500%27%20height%3D%271669%27%20fill-opacity%3D%220%22%2F%3E%3C%2Fsvg%3E\" data-srcset=\"https:\/\/activacar.com\/wp-content\/uploads\/2023\/04\/DSC_6828-200x134.webp 200w, https:\/\/activacar.com\/wp-content\/uploads\/2023\/04\/DSC_6828-400x267.webp 400w, https:\/\/activacar.com\/wp-content\/uploads\/2023\/04\/DSC_6828-500x334.webp 500w, https:\/\/activacar.com\/wp-content\/uploads\/2023\/04\/DSC_6828-600x401.webp 600w, https:\/\/activacar.com\/wp-content\/uploads\/2023\/04\/DSC_6828-700x467.webp 700w, https:\/\/activacar.com\/wp-content\/uploads\/2023\/04\/DSC_6828-768x513.webp 768w, https:\/\/activacar.com\/wp-content\/uploads\/2023\/04\/DSC_6828-800x534.webp 800w, https:\/\/activacar.com\/wp-content\/uploads\/2023\/04\/DSC_6828-1200x801.webp 1200w, https:\/\/activacar.com\/wp-content\/uploads\/2023\/04\/DSC_6828-1536x1025.webp 1536w, https:\/\/activacar.com\/wp-content\/uploads\/2023\/04\/DSC_6828.webp 2500w\" data-sizes=\"auto\" data-orig-sizes=\"(max-width: 1024px) 100vw, (max-width: 678px) 100vw, 2500px\" \/><\/span><\/li><li class=\"image\"><span class=\"lazyload fusion-image-hover-element hover-type-none\"><img decoding=\"async\" src=\"https:\/\/activacar.com\/wp-content\/uploads\/2023\/04\/DSC_6854.webp\" data-orig-src=\"https:\/\/activacar.com\/wp-content\/uploads\/2023\/04\/DSC_6854.webp\" alt=\"fundalogy nuevo inversor de activacar\" width=\"2500\" height=\"1825\" class=\"lazyload wp-image-7375\" srcset=\"data:image\/svg+xml,%3Csvg%20xmlns%3D%27http%3A%2F%2Fwww.w3.org%2F2000%2Fsvg%27%20width%3D%272500%27%20height%3D%271825%27%20viewBox%3D%270%200%202500%201825%27%3E%3Crect%20width%3D%272500%27%20height%3D%271825%27%20fill-opacity%3D%220%22%2F%3E%3C%2Fsvg%3E\" data-srcset=\"https:\/\/activacar.com\/wp-content\/uploads\/2023\/04\/DSC_6854-200x146.webp 200w, https:\/\/activacar.com\/wp-content\/uploads\/2023\/04\/DSC_6854-400x292.webp 400w, https:\/\/activacar.com\/wp-content\/uploads\/2023\/04\/DSC_6854-500x365.webp 500w, https:\/\/activacar.com\/wp-content\/uploads\/2023\/04\/DSC_6854-600x438.webp 600w, https:\/\/activacar.com\/wp-content\/uploads\/2023\/04\/DSC_6854-700x511.webp 700w, https:\/\/activacar.com\/wp-content\/uploads\/2023\/04\/DSC_6854-768x561.webp 768w, https:\/\/activacar.com\/wp-content\/uploads\/2023\/04\/DSC_6854-800x584.webp 800w, https:\/\/activacar.com\/wp-content\/uploads\/2023\/04\/DSC_6854-1200x876.webp 1200w, https:\/\/activacar.com\/wp-content\/uploads\/2023\/04\/DSC_6854-1536x1121.webp 1536w, https:\/\/activacar.com\/wp-content\/uploads\/2023\/04\/DSC_6854.webp 2500w\" data-sizes=\"auto\" data-orig-sizes=\"(max-width: 1024px) 100vw, (max-width: 678px) 100vw, 2500px\" \/><\/span><\/li><\/ul><\/div><\/div><div class=\"fusion-title title fusion-title-3 fusion-sep-none fusion-title-text fusion-title-size-two\" style=\"--awb-text-color:#2ed2ac;--awb-margin-top:50px;\"><h2 class=\"title-heading-left fusion-responsive-typography-calculated\" style=\"margin:0;--fontSize:40;line-height:1;\"><b>\u00bfQu\u00e9 ventajas tiene para Activacar contar con Fundalogy como socio inversor?<\/b><\/h2><\/div><div class=\"fusion-text fusion-text-4 fusion-text-no-margin\" style=\"--awb-margin-bottom:50px;\"><ul>\n<li style=\"font-weight: 400;\" aria-level=\"1\"><span style=\"font-weight: 400;\">Nos permite acceder a nuevas fuentes de financiaci\u00f3n para <\/span><b>impulsar nuestro crecimiento y nuestra expansi\u00f3n<\/b><span style=\"font-weight: 400;\">.<\/span><\/li>\n<\/ul>\n<ul>\n<li style=\"font-weight: 400;\" aria-level=\"1\"><span style=\"font-weight: 400;\">Nos ayuda a optimizar nuestra gesti\u00f3n financiera y a<\/span><b> mejorar nuestra rentabilidad y sostenibilidad<\/b><span style=\"font-weight: 400;\">.<\/span><\/li>\n<\/ul>\n<ul>\n<li style=\"font-weight: 400;\" aria-level=\"1\"><span style=\"font-weight: 400;\">Nos facilita el <\/span><b>acceso a nuevos mercados y a nuevas oportunidades de negocio<\/b><span style=\"font-weight: 400;\">.<\/span><\/li>\n<\/ul>\n<ul>\n<li style=\"font-weight: 400;\" aria-level=\"1\"><span style=\"font-weight: 400;\">Nos brinda su <\/span><b>asesoramiento y su respaldo<\/b><span style=\"font-weight: 400;\"> para superar los retos y los desaf\u00edos que se presenten en nuestro camino.<\/span><\/li>\n<\/ul>\n<p><b>Est\u00e1 noticia es muy importante para el presente y futuro de Activacar, <\/b><span style=\"font-weight: 400;\">y muestra de ello han dado los numerosos medios de comunicaci\u00f3n que han hecho eco de la misma, entre los que destacamos los siguientes:<\/span><\/p>\n<ul>\n<li aria-level=\"1\"><a href=\"https:\/\/www.diariosur.es\/turismo\/fundalogy-respalda-startup-malaguena-movilidad-sostenible-activacar-20230404133728-nt.html\" target=\"_blank\" rel=\"noopener\"><b>Diario SUR<\/b><\/a><\/li>\n<\/ul>\n<ul>\n<li aria-level=\"1\"><a href=\"https:\/\/cadenaser.com\/andalucia\/2023\/04\/04\/activacar-la-aplicacion-malaguena-pionera-en-la-oferta-de-vehiculos-electricos-compartidos-ser-malaga\/\" target=\"_blank\" rel=\"noopener\"><b>Cadena SER<\/b><\/a><\/li>\n<\/ul>\n<ul>\n<li aria-level=\"1\"><a href=\"https:\/\/www.vidaeconomica.com\/2023\/04\/fundalogy-activacar\/\" target=\"_blank\" rel=\"noopener\"><b>Vida Econ\u00f3mica<\/b><\/a><\/li>\n<\/ul>\n<ul>\n<li aria-level=\"1\"><a href=\"https:\/\/www.elespanol.com\/malaga\/20230404\/activacar-startup-malaguena-quiere-acabar-coche-propiedad\/753674822_0.html\" target=\"_blank\" rel=\"noopener\"><b>El Espa\u00f1ol<\/b><\/a><\/li>\n<\/ul>\n<p><b>Desde Activacar queremos dar las gracias a Fundalogy por confiar en nosotros y por sumarse a nuestra aventura<\/b><span style=\"font-weight: 400;\">. Estamos convencidos de que juntos podremos llegar m\u00e1s lejos y hacer realidad nuestra misi\u00f3n: transformar el sector de la movilidad y hacerlo m\u00e1s eficiente, m\u00e1s sostenible y m\u00e1s accesible para todos.<\/span><\/p>\n<\/div><div class=\"fusion-image-element\" style=\"--awb-margin-bottom:80px;--awb-caption-title-size:var(--h2_typography-font-size);--awb-caption-title-transform:var(--h2_typography-text-transform);--awb-caption-title-line-height:var(--h2_typography-line-height);--awb-caption-title-letter-spacing:var(--h2_typography-letter-spacing);\"><span class=\"fusion-imageframe imageframe-none imageframe-3 hover-type-none\"><img decoding=\"async\" width=\"2500\" height=\"1669\" alt=\"fundalogy nuevo inversor de activacar\" title=\"fundalogy nuevo inversor de activacar\" src=\"https:\/\/activacar.com\/wp-content\/uploads\/2023\/04\/DSC_6658.webp\" data-orig-src=\"https:\/\/activacar.com\/wp-content\/uploads\/2023\/04\/DSC_6658.webp\" class=\"lazyload img-responsive wp-image-7367\" srcset=\"data:image\/svg+xml,%3Csvg%20xmlns%3D%27http%3A%2F%2Fwww.w3.org%2F2000%2Fsvg%27%20width%3D%272500%27%20height%3D%271669%27%20viewBox%3D%270%200%202500%201669%27%3E%3Crect%20width%3D%272500%27%20height%3D%271669%27%20fill-opacity%3D%220%22%2F%3E%3C%2Fsvg%3E\" data-srcset=\"https:\/\/activacar.com\/wp-content\/uploads\/2023\/04\/DSC_6658-200x134.webp 200w, https:\/\/activacar.com\/wp-content\/uploads\/2023\/04\/DSC_6658-400x267.webp 400w, https:\/\/activacar.com\/wp-content\/uploads\/2023\/04\/DSC_6658-500x334.webp 500w, https:\/\/activacar.com\/wp-content\/uploads\/2023\/04\/DSC_6658-600x401.webp 600w, https:\/\/activacar.com\/wp-content\/uploads\/2023\/04\/DSC_6658-700x467.webp 700w, https:\/\/activacar.com\/wp-content\/uploads\/2023\/04\/DSC_6658-768x513.webp 768w, https:\/\/activacar.com\/wp-content\/uploads\/2023\/04\/DSC_6658-800x534.webp 800w, https:\/\/activacar.com\/wp-content\/uploads\/2023\/04\/DSC_6658-1200x801.webp 1200w, https:\/\/activacar.com\/wp-content\/uploads\/2023\/04\/DSC_6658-1536x1025.webp 1536w, https:\/\/activacar.com\/wp-content\/uploads\/2023\/04\/DSC_6658.webp 2500w\" data-sizes=\"auto\" data-orig-sizes=\"(max-width: 1024px) 100vw, (max-width: 678px) 100vw, 2500px\" \/><\/span><\/div><\/div><\/div><\/div><\/div>","protected":false},"excerpt":{"rendered":"","protected":false},"author":1,"featured_media":7365,"comment_status":"closed","ping_status":"closed","sticky":false,"template":"","format":"standard","meta":{"footnotes":""},"categories":[87,1,88],"tags":[],"class_list":["post-7403","post","type-post","status-publish","format-standard","has-post-thumbnail","hentry","category-proyectos","category-activacar","category-actualidad"],"_links":{"self":[{"href":"https:\/\/activacar.com\/en\/wp-json\/wp\/v2\/posts\/7403","targetHints":{"allow":["GET"]}}],"collection":[{"href":"https:\/\/activacar.com\/en\/wp-json\/wp\/v2\/posts"}],"about":[{"href":"https:\/\/activacar.com\/en\/wp-json\/wp\/v2\/types\/post"}],"author":[{"embeddable":true,"href":"https:\/\/activacar.com\/en\/wp-json\/wp\/v2\/users\/1"}],"replies":[{"embeddable":true,"href":"https:\/\/activacar.com\/en\/wp-json\/wp\/v2\/comments?post=7403"}],"version-history":[{"count":6,"href":"https:\/\/activacar.com\/en\/wp-json\/wp\/v2\/posts\/7403\/revisions"}],"predecessor-version":[{"id":10614,"href":"https:\/\/activacar.com\/en\/wp-json\/wp\/v2\/posts\/7403\/revisions\/10614"}],"wp:featuredmedia":[{"embeddable":true,"href":"https:\/\/activacar.com\/en\/wp-json\/wp\/v2\/media\/7365"}],"wp:attachment":[{"href":"https:\/\/activacar.com\/en\/wp-json\/wp\/v2\/media?parent=7403"}],"wp:term":[{"taxonomy":"category","embeddable":true,"href":"https:\/\/activacar.com\/en\/wp-json\/wp\/v2\/categories?post=7403"},{"taxonomy":"post_tag","embeddable":true,"href":"https:\/\/activacar.com\/en\/wp-json\/wp\/v2\/tags?post=7403"}],"curies":[{"name":"wp","href":"https:\/\/api.w.org\/{rel}","templated":true}]}}