{"id":4096,"date":"2022-03-28T08:00:26","date_gmt":"2022-03-28T08:00:26","guid":{"rendered":"https:\/\/activacar.com\/?p=4096"},"modified":"2025-06-18T10:44:39","modified_gmt":"2025-06-18T10:44:39","slug":"plan-moves","status":"publish","type":"post","link":"https:\/\/activacar.com\/en\/plan-moves\/","title":{"rendered":"Plan MOVES III: Subvenciones para la movilidad el\u00e9ctrica"},"content":{"rendered":"<div class=\"fusion-fullwidth fullwidth-box fusion-builder-row-1 fusion-flex-container nonhundred-percent-fullwidth non-hundred-percent-height-scrolling\" style=\"--awb-border-radius-top-left:0px;--awb-border-radius-top-right:0px;--awb-border-radius-bottom-right:0px;--awb-border-radius-bottom-left:0px;--awb-padding-top:0%;\" ><div class=\"fusion-builder-row fusion-row fusion-flex-align-items-flex-start\" style=\"max-width:1320.8px;margin-left: calc(-4% \/ 2 );margin-right: calc(-4% \/ 2 );\"><div class=\"fusion-layout-column fusion_builder_column fusion-builder-column-0 fusion_builder_column_1_1 1_1 fusion-flex-column\" style=\"--awb-bg-size:cover;--awb-width-large:100%;--awb-margin-top-large:25px;--awb-spacing-right-large:1.92%;--awb-margin-bottom-large:25px;--awb-spacing-left-large:1.92%;--awb-width-medium:100%;--awb-order-medium:0;--awb-spacing-right-medium:1.92%;--awb-spacing-left-medium:1.92%;--awb-width-small:100%;--awb-order-small:0;--awb-spacing-right-small:1.92%;--awb-spacing-left-small:1.92%;\"><div class=\"fusion-column-wrapper fusion-column-has-shadow fusion-flex-justify-content-flex-start fusion-content-layout-column\"><div class=\"fusion-text fusion-text-1\"><p><span style=\"background-color: rgba(255, 255, 255, 0); color: var(--body_typography-color); font-family: var(--body_typography-font-family); font-size: var(--body_typography-font-size); font-style: var(--body_typography-font-style,normal); font-weight: var(--body_typography-font-weight); letter-spacing: var(--body_typography-letter-spacing);\"><div id=\"ez-toc-container\" class=\"ez-toc-v2_0_72 counter-hierarchy ez-toc-counter ez-toc-white ez-toc-container-direction\">\n<div class=\"ez-toc-title-container\">\n<span class=\"ez-toc-title-toggle\"><a href=\"#\" class=\"ez-toc-pull-right ez-toc-btn ez-toc-btn-xs ez-toc-btn-default ez-toc-toggle\" aria-label=\"Toggle Table of Contents\"><span class=\"ez-toc-js-icon-con\"><span class=\"\"><span class=\"eztoc-hide\" style=\"display:none;\">Toggle<\/span><span class=\"ez-toc-icon-toggle-span\"><svg style=\"fill: #999;color:#999\" xmlns=\"http:\/\/www.w3.org\/2000\/svg\" class=\"list-377408\" width=\"20px\" height=\"20px\" viewbox=\"0 0 24 24\" fill=\"none\"><path d=\"M6 6H4v2h2V6zm14 0H8v2h12V6zM4 11h2v2H4v-2zm16 0H8v2h12v-2zM4 16h2v2H4v-2zm16 0H8v2h12v-2z\" fill=\"currentColor\"><\/path><\/svg><svg style=\"fill: #999;color:#999\" class=\"arrow-unsorted-368013\" xmlns=\"http:\/\/www.w3.org\/2000\/svg\" width=\"10px\" height=\"10px\" viewbox=\"0 0 24 24\" version=\"1.2\" baseprofile=\"tiny\"><path d=\"M18.2 9.3l-6.2-6.3-6.2 6.3c-.2.2-.3.4-.3.7s.1.5.3.7c.2.2.4.3.7.3h11c.3 0 .5-.1.7-.3.2-.2.3-.5.3-.7s-.1-.5-.3-.7zM5.8 14.7l6.2 6.3 6.2-6.3c.2-.2.3-.5.3-.7s-.1-.5-.3-.7c-.2-.2-.4-.3-.7-.3h-11c-.3 0-.5.1-.7.3-.2.2-.3.5-.3.7s.1.5.3.7z\"\/><\/svg><\/span><\/span><\/span><\/a><\/span><\/div>\n<nav><ul class='ez-toc-list ez-toc-list-level-1' ><li class='ez-toc-page-1 ez-toc-heading-level-2'><a class=\"ez-toc-link ez-toc-heading-1\" href=\"https:\/\/activacar.com\/en\/plan-moves\/#%C2%BFQue_es_el_Plan_Moves_III\" title=\"\u00bfQu\u00e9 es el Plan Moves III?\">\u00bfQu\u00e9 es el Plan Moves III?<\/a><\/li><li class='ez-toc-page-1 ez-toc-heading-level-2'><a class=\"ez-toc-link ez-toc-heading-2\" href=\"https:\/\/activacar.com\/en\/plan-moves\/#%C2%BFQue_lineas_de_actuacion_tiene_el_Plan_MOVES_III\" title=\"\u00bfQu\u00e9 l\u00edneas de actuaci\u00f3n tiene el Plan MOVES III?\">\u00bfQu\u00e9 l\u00edneas de actuaci\u00f3n tiene el Plan MOVES III?<\/a><\/li><li class='ez-toc-page-1 ez-toc-heading-level-2'><a class=\"ez-toc-link ez-toc-heading-3\" href=\"https:\/\/activacar.com\/en\/plan-moves\/#%C2%BFCual_es_la_cuantia_de_las_ayudas_para_la_compra_de_vehiculos_electricos_del_Plan_MOVES_III\" title=\"\u00bfCu\u00e1l es la cuant\u00eda de las ayudas para la compra de veh\u00edculos el\u00e9ctricos del Plan MOVES III?\">\u00bfCu\u00e1l es la cuant\u00eda de las ayudas para la compra de veh\u00edculos el\u00e9ctricos del Plan MOVES III?<\/a><\/li><li class='ez-toc-page-1 ez-toc-heading-level-2'><a class=\"ez-toc-link ez-toc-heading-4\" href=\"https:\/\/activacar.com\/en\/plan-moves\/#%C2%BFCual_es_la_cuantia_de_las_ayudas_para_la_instalacion_de_puntos_de_recarga_del_Plan_MOVES_III\" title=\"\u00bfCu\u00e1l es la cuant\u00eda de las ayudas para la instalaci\u00f3n de puntos de recarga del Plan MOVES III?\">\u00bfCu\u00e1l es la cuant\u00eda de las ayudas para la instalaci\u00f3n de puntos de recarga del Plan MOVES III?<\/a><\/li><li class='ez-toc-page-1 ez-toc-heading-level-2'><a class=\"ez-toc-link ez-toc-heading-5\" href=\"https:\/\/activacar.com\/en\/plan-moves\/#%C2%BFQuien_y_como_se_pueden_solicitar_las_ayudas_del_Plan_MOVES_III\" title=\"\u00bfQui\u00e9n y c\u00f3mo se pueden solicitar las ayudas del Plan MOVES III?\">\u00bfQui\u00e9n y c\u00f3mo se pueden solicitar las ayudas del Plan MOVES III?<\/a><\/li><li class='ez-toc-page-1 ez-toc-heading-level-2'><a class=\"ez-toc-link ez-toc-heading-6\" href=\"https:\/\/activacar.com\/en\/plan-moves\/#Enlaces_de_interes_para_el_Plan_MOVES_III\" title=\"Enlaces de inter\u00e9s para el Plan MOVES III\">Enlaces de inter\u00e9s para el Plan MOVES III<\/a><\/li><li class='ez-toc-page-1 ez-toc-heading-level-2'><a class=\"ez-toc-link ez-toc-heading-7\" href=\"https:\/\/activacar.com\/en\/plan-moves\/#Activacar_te_ayuda_a_solicitar_las_ayudas_del_Plan_MOVES_III\" title=\"Activacar te ayuda a solicitar las ayudas del Plan MOVES III\">Activacar te ayuda a solicitar las ayudas del Plan MOVES III<\/a><\/li><\/ul><\/nav><\/div>\n<\/span><\/p>\n<p><span style=\"font-weight: 400;\">The <\/span>Plan MOVES<span style=\"font-weight: 400;\">, es una de las medidas planteadas por el Gobierno para conseguir los <\/span>objetivos de desarrollo sostenible<span style=\"font-weight: 400;\">, a trav\u00e9s de <\/span>subvenciones para la compra de veh\u00edculos el\u00e9ctricos y las instalaciones de puntos de recarga<span style=\"font-weight: 400;\">.<\/span><\/p>\n<p><span style=\"font-weight: 400;\">El pasado 13 de abril, se aprobaba el <\/span>MOVES III Plan<span style=\"font-weight: 400;\">, propuesto por el <\/span>Ministerio de Transici\u00f3n Ecol\u00f3gica y el Reto Demogr\u00e1fico<span style=\"font-weight: 400;\">, que regula la concesi\u00f3n directa de <\/span>ayudas a las Comunidades Aut\u00f3nomas y a las ciudades de Ceuta y Melilla<span style=\"font-weight: 400;\">, para la ejecuci\u00f3n de programas de incentivos ligados a la movilidad el\u00e9ctrica, dotados de 400 millones de Euros, pudiendo doblarse en funci\u00f3n de la demanda.<\/span><\/p>\n<p><span style=\"font-weight: 400;\">Todo ello gestionado por <\/span>IDAE (Instituto por la Diversificaci\u00f3n y el Ahorro de Energ\u00eda)<span style=\"font-weight: 400;\"> como en las ediciones anteriores, quienes ser\u00e1n los encargados de repartir las ayudas del <\/span>Plan MOVES<span style=\"font-weight: 400;\"> entre las diferentes comunidades, cuya <\/span>repartici\u00f3n depender\u00e1 del n\u00famero de habitantes censados que tiene cada comunidad aut\u00f3noma<span style=\"font-weight: 400;\">.<\/span><\/p>\n<p><span style=\"font-weight: 400;\">En concreto en <\/span>Andaluc\u00eda se transfirieron 71,35 millones<span style=\"font-weight: 400;\"> y la ventanilla est\u00e1 abierta desde el pasado 20 de septiembre de 2021.<\/span><\/p>\n<\/div><div class=\"fusion-image-element\" style=\"--awb-caption-title-size:var(--h2_typography-font-size);--awb-caption-title-transform:var(--h2_typography-text-transform);--awb-caption-title-line-height:var(--h2_typography-line-height);--awb-caption-title-letter-spacing:var(--h2_typography-letter-spacing);\"><span class=\"fusion-imageframe imageframe-none imageframe-1 hover-type-none\"><img decoding=\"async\" width=\"1920\" height=\"1080\" alt=\"Plan MOVES III Imagen destacada\" title=\"Plan MOVES III Imagen destacada\" src=\"https:\/\/activacar.com\/wp-content\/uploads\/2022\/03\/Plan-MOVES-III-Imagen-destacada.png\" data-orig-src=\"https:\/\/activacar.com\/wp-content\/uploads\/2022\/03\/Plan-MOVES-III-Imagen-destacada.png\" class=\"lazyload img-responsive wp-image-4110\" srcset=\"data:image\/svg+xml,%3Csvg%20xmlns%3D%27http%3A%2F%2Fwww.w3.org%2F2000%2Fsvg%27%20width%3D%271920%27%20height%3D%271080%27%20viewBox%3D%270%200%201920%201080%27%3E%3Crect%20width%3D%271920%27%20height%3D%271080%27%20fill-opacity%3D%220%22%2F%3E%3C%2Fsvg%3E\" data-srcset=\"https:\/\/activacar.com\/wp-content\/uploads\/2022\/03\/Plan-MOVES-III-Imagen-destacada-200x113.png 200w, https:\/\/activacar.com\/wp-content\/uploads\/2022\/03\/Plan-MOVES-III-Imagen-destacada-400x225.png 400w, https:\/\/activacar.com\/wp-content\/uploads\/2022\/03\/Plan-MOVES-III-Imagen-destacada-600x338.png 600w, https:\/\/activacar.com\/wp-content\/uploads\/2022\/03\/Plan-MOVES-III-Imagen-destacada-800x450.png 800w, https:\/\/activacar.com\/wp-content\/uploads\/2022\/03\/Plan-MOVES-III-Imagen-destacada-1200x675.png 1200w, https:\/\/activacar.com\/wp-content\/uploads\/2022\/03\/Plan-MOVES-III-Imagen-destacada.png 1920w\" data-sizes=\"auto\" data-orig-sizes=\"(max-width: 1024px) 100vw, (max-width: 678px) 100vw, 1920px\" \/><\/span><\/div><div class=\"fusion-text fusion-text-2\" style=\"--awb-margin-top:30px;\"><h2 class=\"\" style=\"--fontsize: 28; line-height: 1.5;\" data-fontsize=\"28\" data-lineheight=\"42px\"><span class=\"ez-toc-section\" id=\"%C2%BFQue_es_el_Plan_Moves_III\"><\/span><span style=\"color: #2ed2ac;\">\u00bfQu\u00e9 es el Plan Moves III?<\/span><span class=\"ez-toc-section-end\"><\/span><\/h2>\n<p><span style=\"font-weight: 400;\">Como introdujimos, el <\/span>Plan MOVES<span style=\"font-weight: 400;\"> son las ayudas que est\u00e1 concediendo el Gobierno, destinadas a <\/span>subvencionar la compra de veh\u00edculos el\u00e9ctricos e h\u00edbridos, y tambi\u00e9n la instalaci\u00f3n de puntos de recarga<span style=\"font-weight: 400;\"> para dichos veh\u00edculos. <\/span><\/p>\n<p><span style=\"font-weight: 400;\">Todo ello dentro del marco del <\/span>Plan de Recuperaci\u00f3n, Transformaci\u00f3n y Resiliencia Europeo<span style=\"font-weight: 400;\"> y de la meta de nuestro Gobierno que en <\/span>2050 la movilidad de nuestro pa\u00eds sea totalmente sin emisiones nocivas para la atm\u00f3sfera<span style=\"font-weight: 400;\">.<\/span><\/p>\n<p><span style=\"font-weight: 400;\">Para lograrlo, se necesita <\/span>impulsar el uso y las ventas de veh\u00edculos el\u00e9ctricos, y para ello, hacer que su compra sea mucho m\u00e1s accesible<span style=\"font-weight: 400;\">. Y con este objetivo se crearon las ayudas gubernamentales a la adquisici\u00f3n de veh\u00edculos no contaminantes, conocidas como Plan <\/span>MOVES (MOVilidad Eficiente y Sostenible)<span style=\"font-weight: 400;\">.<\/span><\/p>\n<\/div><div class=\"fusion-text fusion-text-3\" style=\"--awb-margin-top:30px;\"><h2 class=\"fusion-responsive-typography-calculated\" style=\"--fontsize: 28; line-height: 1.5;\" data-fontsize=\"28\" data-lineheight=\"42px\"><span class=\"ez-toc-section\" id=\"%C2%BFQue_lineas_de_actuacion_tiene_el_Plan_MOVES_III\"><\/span><span style=\"font-weight: 400; color: #2ed2ac;\">\u00bfQu\u00e9 l\u00edneas de actuaci\u00f3n tiene el Plan MOVES III?<\/span><span class=\"ez-toc-section-end\"><\/span><\/h2>\n<p><span style=\"font-weight: 400;\">Los l\u00edneas de actuaci\u00f3n del Plan MOVES son 2, a trav\u00e9s de las cuales se gestionan las ayudas, y se diferencia en:<\/span><\/p>\n<ul>\n<li aria-level=\"1\">Ayudas para la adquisici\u00f3n de veh\u00edculos el\u00e9ctricos enchufables y de pila de combustible<span style=\"font-weight: 400;\">, para las que se puede adjudicar hasta un 80% del presupuesto total.<\/span><\/li>\n<\/ul>\n<ul>\n<li aria-level=\"1\">Ayudas para la implantaci\u00f3n de infraestructuras de recarga de veh\u00edculos el\u00e9ctricos<span style=\"font-weight: 400;\"> (tanto de acceso p\u00fablico como privado), con hasta un 50% del presupuesto disponible.<\/span><\/li>\n<\/ul>\n<\/div><div class=\"fusion-image-element\" style=\"--awb-caption-title-size:var(--h2_typography-font-size);--awb-caption-title-transform:var(--h2_typography-text-transform);--awb-caption-title-line-height:var(--h2_typography-line-height);--awb-caption-title-letter-spacing:var(--h2_typography-letter-spacing);\"><span class=\"fusion-imageframe imageframe-none imageframe-2 hover-type-none\"><img decoding=\"async\" src=\"data:image\/gif;base64,R0lGODlhAQABAAAAACH5BAEKAAEALAAAAAABAAEAAAICTAEAOw==\" data-orig-src=\"https:\/\/activacar.com\/wp-content\/uploads\/2022\/03\/Plan-MOVES-III-Imagen-1.webp\" alt class=\"lazyload img-responsive\"\/><\/span><\/div><div class=\"fusion-text fusion-text-4\" style=\"--awb-margin-top:30px;\"><h2><span class=\"ez-toc-section\" id=\"%C2%BFCual_es_la_cuantia_de_las_ayudas_para_la_compra_de_vehiculos_electricos_del_Plan_MOVES_III\"><\/span><span style=\"font-weight: 400; color: #2ed2ac;\">\u00bfCu\u00e1l es la cuant\u00eda de las ayudas para la compra de veh\u00edculos el\u00e9ctricos del Plan MOVES III?<\/span><span class=\"ez-toc-section-end\"><\/span><\/h2>\n<p><span style=\"font-weight: 400;\">Aqu\u00ed debemos <\/span>diferenciar primero si es para particulares o para empresas<span style=\"font-weight: 400;\">. Y adem\u00e1s tambi\u00e9n se debe tener en cuenta la tipolog\u00eda del veh\u00edculo, y si a cambio se entrega otro veh\u00edculo con m\u00e1s de 7 a\u00f1os desde que se matricul\u00f3, para su achatarramiento:<\/span><\/p>\n<p>Ayudas para la compra de veh\u00edculos el\u00e9ctricos en particulares, aut\u00f3nomos y administraci\u00f3n:<\/p>\n<ul>\n<li aria-level=\"1\">Turismos h\u00edbridos enchufables (PHEV)<span style=\"font-weight: 400;\"> con una autonom\u00eda entre los 30 y 90 kil\u00f3metros, con un precio de venta (Sin IVA) hasta los 45.000 \u20ac: Sin achatarramiento <\/span>2.500 \u20ac<span style=\"font-weight: 400;\"> y con achatarramiento <\/span>5.000 \u20ac.<\/li>\n<\/ul>\n<ul>\n<li aria-level=\"1\">Turismos 100% el\u00e9ctricos (EV)<span style=\"font-weight: 400;\"> con autonom\u00eda superior a los 90 kil\u00f3metros, con un precio de venta (Sin IVA) hasta los 45.000 \u20ac o 53.000 \u20ac para turismos con 8 plazas: Sin achatarramiento <\/span>4.500 \u20ac <span style=\"font-weight: 400;\">y con achatarramiento: <\/span>7.000 \u20ac<span style=\"font-weight: 400;\">.<\/span><\/li>\n<\/ul>\n<ul>\n<li aria-level=\"1\">Turismos con tecnolog\u00eda de pila de combustible (FCV)<span style=\"font-weight: 400;\">, sin l\u00edmite en el precio de venta: Sin achatarramiento <\/span>4.500 \u20ac<span style=\"font-weight: 400;\"> y con achatarramiento <\/span>7.000 \u20ac<span style=\"font-weight: 400;\">.<\/span><\/li>\n<\/ul>\n<p>Ayudas para la compra de veh\u00edculos el\u00e9ctricos en empresas (PYME y Gran Empresa):<\/p>\n<ul>\n<li aria-level=\"1\">Turismos h\u00edbridos enchufables (PHEV)<span style=\"font-weight: 400;\"> con una autonom\u00eda entre los 30 y 90 kil\u00f3metros, con un precio de venta (Sin IVA) hasta los 45.000 \u20ac: Sin achatarramiento <\/span>1.700 \u20ac (PYMES)<span style=\"font-weight: 400;\"> and <\/span>1.600 \u20ac (Gran Empresa)<span style=\"font-weight: 400;\"> y con achatarramiento <\/span>2.300 \u20ac (PYMES)<span style=\"font-weight: 400;\"> and <\/span>2.200 \u20ac (Gran Empresa)<span style=\"font-weight: 400;\">.<\/span><\/li>\n<\/ul>\n<ul>\n<li aria-level=\"1\">Turismos 100% el\u00e9ctricos (EV)<span style=\"font-weight: 400;\"> con autonom\u00eda superior a los 90 kil\u00f3metros, con un precio de venta (Sin IVA) hasta los 45.000 \u20ac o 53.000 \u20ac para turismos con 8 plazas: Sin achatarramiento <\/span>2.900 \u20ac (PYMES)<span style=\"font-weight: 400;\"> and <\/span>2.200 \u20ac (Gran Empresa)<span style=\"font-weight: 400;\"> y con achatarramiento <\/span>4.000 \u20ac (PYMES)<span style=\"font-weight: 400;\"> and <\/span>3.000 \u20ac (Gran Empresa)<span style=\"font-weight: 400;\">.<\/span><\/li>\n<\/ul>\n<ul>\n<li aria-level=\"1\">Turismos con tecnolog\u00eda de pila de combustible (FCV)<span style=\"font-weight: 400;\">, sin l\u00edmite en el precio de venta: Sin achatarramiento <\/span>2.900 \u20ac (PYMES)<span style=\"font-weight: 400;\"> and <\/span>2.200 \u20ac (Gran Empresa)<span style=\"font-weight: 400;\"> y con achatarramiento <\/span>4.000 \u20ac (PYMES)<span style=\"font-weight: 400;\"> and <\/span>3.000 \u20ac (Gran Empresa)<span style=\"font-weight: 400;\">.<\/span><\/li>\n<\/ul>\n<\/div><div class=\"fusion-image-element\" style=\"--awb-caption-title-size:var(--h2_typography-font-size);--awb-caption-title-transform:var(--h2_typography-text-transform);--awb-caption-title-line-height:var(--h2_typography-line-height);--awb-caption-title-letter-spacing:var(--h2_typography-letter-spacing);\"><span class=\"fusion-imageframe imageframe-none imageframe-3 hover-type-none\"><img decoding=\"async\" src=\"data:image\/gif;base64,R0lGODlhAQABAAAAACH5BAEKAAEALAAAAAABAAEAAAICTAEAOw==\" data-orig-src=\"https:\/\/activacar.com\/wp-content\/uploads\/2022\/03\/Tablas-ayudas-Plan-MOVES-III.png\" alt class=\"lazyload img-responsive\"\/><\/span><\/div><div class=\"fusion-text fusion-text-5\" style=\"--awb-margin-top:-50px;\"><h2><span class=\"ez-toc-section\" id=\"%C2%BFCual_es_la_cuantia_de_las_ayudas_para_la_instalacion_de_puntos_de_recarga_del_Plan_MOVES_III\"><\/span><span style=\"font-weight: 400; color: #2ed2ac;\">\u00bfCu\u00e1l es la cuant\u00eda de las ayudas para la instalaci\u00f3n de puntos de recarga del Plan MOVES III?<\/span><span class=\"ez-toc-section-end\"><\/span><\/h2>\n<p><span style=\"font-weight: 400;\">Entre las ayudas que se pueden solicitar a trav\u00e9s del <\/span>MOVES III Plan<span style=\"font-weight: 400;\">, se incluye una partida muy importante para<\/span> impulsar la implantaci\u00f3n de infraestructuras de recarga para veh\u00edculos el\u00e9ctricos<span style=\"font-weight: 400;\">, con el objetivo de llegar a los <\/span>100.000 puntos de recarga en funcionamiento en 2023, ya sean p\u00fablicos o privados<span style=\"font-weight: 400;\">.<\/span><\/p>\n<p><span style=\"font-weight: 400;\">Las ayudas se <\/span>abonar\u00e1n en funci\u00f3n de la cuant\u00eda total de la instalaci\u00f3n<span style=\"font-weight: 400;\">, y tambi\u00e9n depende si est\u00e1n enfocadas a particulares o empresas:<\/span><\/p>\n<ul>\n<li aria-level=\"1\"><span style=\"font-weight: 400;\">For <\/span>particulares, aut\u00f3nomos, comunidades de propietarios y Administraci\u00f3n (sin actividad econ\u00f3mica)<span style=\"font-weight: 400;\"> ser\u00e1 de un <\/span>70%<span style=\"font-weight: 400;\"> del coste total de la instalaci\u00f3n. Llegando al 80% en municipios de menos de 5.000 habitantes.<\/span><\/li>\n<\/ul>\n<ul>\n<li aria-level=\"1\"><span style=\"font-weight: 400;\">For <\/span>PYMES<span style=\"font-weight: 400;\"> ser\u00e1 de entre el <\/span>45-55%<span style=\"font-weight: 400;\">, y para <\/span>Grandes Empresas<span style=\"font-weight: 400;\"> del <\/span>35%<span style=\"font-weight: 400;\"> del coste total de la instalaci\u00f3n. Llegando al 50-60% para PYMES Y 40% para Grandes Empresas, en municipios de menos de 5.000 habitantes.<\/span><\/li>\n<\/ul>\n<ul>\n<li aria-level=\"1\"><span style=\"font-weight: 400;\">Para las <\/span>empresas y entes p\u00fablicos con actividad econ\u00f3mica<span style=\"font-weight: 400;\"> ser\u00e1 de un <\/span>30%<span style=\"font-weight: 400;\"> del coste total de la instalaci\u00f3n. Llegando al 40% en municipios de menos de 5.000 habitantes.<\/span><\/li>\n<\/ul>\n<\/div><div class=\"fusion-image-element\" style=\"--awb-caption-title-size:var(--h2_typography-font-size);--awb-caption-title-transform:var(--h2_typography-text-transform);--awb-caption-title-line-height:var(--h2_typography-line-height);--awb-caption-title-letter-spacing:var(--h2_typography-letter-spacing);\"><span class=\"fusion-imageframe imageframe-none imageframe-4 hover-type-none\"><img decoding=\"async\" src=\"data:image\/gif;base64,R0lGODlhAQABAAAAACH5BAEKAAEALAAAAAABAAEAAAICTAEAOw==\" data-orig-src=\"https:\/\/activacar.com\/wp-content\/uploads\/2022\/03\/Tablas-ayudas-Plan-MOVES-III-1.png\" alt class=\"lazyload img-responsive\"\/><\/span><\/div><div class=\"fusion-text fusion-text-6\" style=\"--awb-margin-top:30px;\"><h2 class=\"fusion-responsive-typography-calculated\" style=\"--fontsize: 28; line-height: 1;\" data-fontsize=\"28\" data-lineheight=\"28px\"><span class=\"ez-toc-section\" id=\"%C2%BFQuien_y_como_se_pueden_solicitar_las_ayudas_del_Plan_MOVES_III\"><\/span><span style=\"color: #2ed2ac;\"> \u00bfQui\u00e9n y c\u00f3mo se pueden solicitar las ayudas del Plan MOVES III?<\/span><span class=\"ez-toc-section-end\"><\/span><\/h2>\n<p><span style=\"font-weight: 400;\">Este plan va <strong>destinado a pr\u00e1cticamente a cualquier persona o entidad, desde personas f\u00edsicas, empresas, aut\u00f3nomos, comunidades de propietarios, entidades locales y hasta administraciones y entidades p\u00fablicas<\/strong>.<\/span><\/p>\n<p><span style=\"font-weight: 400;\">Principalmente <strong>los encargados de requerir esta ayuda son los concesionarios<\/strong>, y en el caso de particulares y aut\u00f3nomos se pueden solicitar a trav\u00e9s de un formulario (<strong><span style=\"color: #2ed2ac;\">En IDAE<\/span><\/strong>) , que se tendr\u00e1 en cuenta por orden de presentaci\u00f3n hasta terminar con los recursos previstos.<\/span><\/p>\n<p><span style=\"font-weight: 400;\">El comprador<\/span> abonar\u00e1 el precio total y una vez aprobada su solicitud de ayuda recibir\u00e1 la cantidad correspondiente en un plazo de 6 meses<span style=\"font-weight: 400;\"> (que, despu\u00e9s, <\/span><a href=\"https:\/\/movilidadelectrica.com\/esto-es-lo-que-te-va-a-pedir-hacienda-si-has-cobrado-la-ayuda-del-plan-moves\/\" rel=\"nofollow noopener\" target=\"_blank\"><span style=\"font-weight: 400;\">tendr\u00e1 que tributar a Hacienda<\/span><\/a><span style=\"font-weight: 400;\">).<\/span><\/p>\n<\/div><div class=\"fusion-text fusion-text-7\" style=\"--awb-margin-top:30px;\"><h2 class=\"fusion-responsive-typography-calculated\" style=\"--fontsize: 28; line-height: 1;\" data-fontsize=\"28\" data-lineheight=\"28px\"><span class=\"ez-toc-section\" id=\"Enlaces_de_interes_para_el_Plan_MOVES_III\"><\/span><span style=\"color: #2ed2ac;\">Enlaces de inter\u00e9s para el Plan MOVES III<\/span><span class=\"ez-toc-section-end\"><\/span><\/h2>\n<p><b>Para conocer el estado de las ayudas en cada Comunidad Aut\u00f3noma: <span style=\"color: #2ed2ac;\"><a style=\"color: #2ed2ac;\" href=\"https:\/\/www.idae.es\/ayudas-y-financiacion\/para-movilidad-y-vehiculos\/programa-moves-iii\/convocatorias-de-las-comunidades-autonomas\" target=\"_blank\" rel=\"noopener\">Pincha aqu\u00ed<\/a><\/span>.<\/b><\/p>\n<\/div><div class=\"fusion-text fusion-text-8\" style=\"--awb-margin-top:30px;\"><h2 class=\"fusion-responsive-typography-calculated\" style=\"--fontsize: 28; line-height: 1;\" data-fontsize=\"28\" data-lineheight=\"28px\"><span class=\"ez-toc-section\" id=\"Activacar_te_ayuda_a_solicitar_las_ayudas_del_Plan_MOVES_III\"><\/span><span style=\"color: #2ed2ac;\">Activacar te ayuda a solicitar las ayudas del Plan MOVES III<\/span><span class=\"ez-toc-section-end\"><\/span><\/h2>\n<p>En Activacar te ayudamos a tramitar la subvenci\u00f3n del Plan MOVES II<span style=\"font-weight: 400;\">I para la <a href=\"https:\/\/activacar.com\/en\/category\/movilidad-electrica\/\">electric mobility<\/a>, y ofrecemos una soluci\u00f3n 360\u00ba adaptada a cada cliente:<\/span><\/p>\n<ul>\n<li style=\"font-weight: 400;\" aria-level=\"1\"><span style=\"font-weight: 400;\">Tramitaci\u00f3n del expediente de ayudas del Plan MOVES III para tu proyecto.<\/span><\/li>\n<li style=\"font-weight: 400;\" aria-level=\"1\"><span style=\"font-weight: 400;\">Estudio previo y diagn\u00f3stico de infraestructura de recarga<\/span><\/li>\n<li style=\"font-weight: 400;\" aria-level=\"1\"><span style=\"font-weight: 400;\">Suministro de los equipos de recarga, la instalaci\u00f3n y puesta en marcha.<\/span><\/li>\n<li style=\"font-weight: 400;\" aria-level=\"1\"><span style=\"font-weight: 400;\">Mantenimiento, software de gesti\u00f3n de la infraestructura de recarga, app de recarga para los usuarios y gestores.<\/span><\/li>\n<li style=\"font-weight: 400;\" aria-level=\"1\"><span style=\"font-weight: 400;\">Atenci\u00f3n al cliente e incidencias 24\/7.<\/span><\/li>\n<\/ul>\n<p>Somos especialistas y proveedores de movilidad 100% el\u00e9ctrica<span style=\"font-weight: 400;\">, y estaremos encantados de ayudarte en cualquier aspecto relacionado con las subvenciones del <\/span>MOVES III Plan<span style=\"font-weight: 400;\">, y cualquier otra cuesti\u00f3n o problema que necesites resolver, <strong><span style=\"color: #2ed2ac;\"><a style=\"color: #2ed2ac;\" href=\"https:\/\/activacar.com\/en\/#contacto\">escr\u00edbenos y nos pondremos manos a la obra<\/a><\/span><\/strong>.<\/span><\/p>\n<p><strong>Sources: <span style=\"color: #2ed2ac;\"><a style=\"color: #2ed2ac;\" href=\"https:\/\/movilidadelectrica.com\/plan-moves-iii-2021\/\" rel=\"nofollow noopener\" target=\"_blank\">Electric Mobility<\/a><\/span>, <span style=\"color: #2ed2ac;\"><a style=\"color: #2ed2ac;\" href=\"https:\/\/www.idae.es\/ayudas-y-financiacion\/para-movilidad-y-vehiculos\/programa-moves-iii\" rel=\"nofollow noopener\" target=\"_blank\">IDAE<\/a><\/span>, <span style=\"color: #2ed2ac;\"><a style=\"color: #2ed2ac;\" href=\"https:\/\/www.ocu.org\/coches\/coches\/noticias\/ayudas-plan-moves-lll\" rel=\"nofollow noopener\" target=\"_blank\">OCU<\/a><\/span>.<\/strong><\/p>\n<\/div><\/div><\/div><\/div><\/div>","protected":false},"excerpt":{"rendered":"","protected":false},"author":1,"featured_media":4110,"comment_status":"open","ping_status":"open","sticky":false,"template":"","format":"standard","meta":{"footnotes":""},"categories":[88,85],"tags":[],"class_list":["post-4096","post","type-post","status-publish","format-standard","has-post-thumbnail","hentry","category-actualidad","category-movilidad-electrica"],"_links":{"self":[{"href":"https:\/\/activacar.com\/en\/wp-json\/wp\/v2\/posts\/4096","targetHints":{"allow":["GET"]}}],"collection":[{"href":"https:\/\/activacar.com\/en\/wp-json\/wp\/v2\/posts"}],"about":[{"href":"https:\/\/activacar.com\/en\/wp-json\/wp\/v2\/types\/post"}],"author":[{"embeddable":true,"href":"https:\/\/activacar.com\/en\/wp-json\/wp\/v2\/users\/1"}],"replies":[{"embeddable":true,"href":"https:\/\/activacar.com\/en\/wp-json\/wp\/v2\/comments?post=4096"}],"version-history":[{"count":5,"href":"https:\/\/activacar.com\/en\/wp-json\/wp\/v2\/posts\/4096\/revisions"}],"predecessor-version":[{"id":12636,"href":"https:\/\/activacar.com\/en\/wp-json\/wp\/v2\/posts\/4096\/revisions\/12636"}],"wp:featuredmedia":[{"embeddable":true,"href":"https:\/\/activacar.com\/en\/wp-json\/wp\/v2\/media\/4110"}],"wp:attachment":[{"href":"https:\/\/activacar.com\/en\/wp-json\/wp\/v2\/media?parent=4096"}],"wp:term":[{"taxonomy":"category","embeddable":true,"href":"https:\/\/activacar.com\/en\/wp-json\/wp\/v2\/categories?post=4096"},{"taxonomy":"post_tag","embeddable":true,"href":"https:\/\/activacar.com\/en\/wp-json\/wp\/v2\/tags?post=4096"}],"curies":[{"name":"wp","href":"https:\/\/api.w.org\/{rel}","templated":true}]}}