{"id":2270,"date":"2021-04-06T11:17:41","date_gmt":"2021-04-06T11:17:41","guid":{"rendered":"https:\/\/activacar.com\/?p=2270"},"modified":"2023-08-02T09:06:32","modified_gmt":"2023-08-02T09:06:32","slug":"green-auto-tour","status":"publish","type":"post","link":"https:\/\/activacar.com\/en\/green-auto-tour\/","title":{"rendered":"Green Car Tour"},"content":{"rendered":"<p>The brand <strong>Green Car Tour<\/strong> born on the Costa del Sol with the aim of making tourism an ecological reality, offering a new way to discover the rich heritage, both natural and artistic, of our province; all while making the economic growth of our tourism sector compatible with <strong>Sustainability<\/strong>.<\/p>\n<p>Its main activity is to offer travellers visiting the hotels on the Costa del Sol a comprehensive, ecological and accessible tourist experience, based on pre-established itineraries and services.<\/p>\n<p>This tourist experience service offered by <strong>Green Car Tour<\/strong> complements the 100% electric mobility service it offers <strong>Activacar<\/strong> to the hotels; all of this reinforces the sustainable and environmentally friendly nature of our project.<\/p>\n<p><img decoding=\"async\" class=\"lazyload size-full wp-image-2274 aligncenter\" src=\"https:\/\/activacar.com\/wp-content\/uploads\/2021\/04\/sda.jpg\" data-orig-src=\"https:\/\/activacar.com\/wp-content\/uploads\/2021\/04\/sda.jpg\" alt=\"\" width=\"550\" height=\"412\" srcset=\"data:image\/svg+xml,%3Csvg%20xmlns%3D%27http%3A%2F%2Fwww.w3.org%2F2000%2Fsvg%27%20width%3D%27550%27%20height%3D%27412%27%20viewBox%3D%270%200%20550%20412%27%3E%3Crect%20width%3D%27550%27%20height%3D%27412%27%20fill-opacity%3D%220%22%2F%3E%3C%2Fsvg%3E\" data-srcset=\"https:\/\/activacar.com\/wp-content\/uploads\/2021\/04\/sda-200x150.jpg 200w, https:\/\/activacar.com\/wp-content\/uploads\/2021\/04\/sda-400x300.jpg 400w, https:\/\/activacar.com\/wp-content\/uploads\/2021\/04\/sda-500x375.jpg 500w, https:\/\/activacar.com\/wp-content\/uploads\/2021\/04\/sda.jpg 550w\" data-sizes=\"auto\" data-orig-sizes=\"(max-width: 550px) 100vw, 550px\" \/><\/p>\n<p>With this brand, we are focusing the strategy on a collaboration model with other sector stakeholders who will participate in offering value-added services through unique getaways.<\/p>\n<p>Our alliance with specialised suppliers in various tourism sectors will allow us to offer our clients discounts and promotions for each season. In addition to this, our clients will be part of this model as they will benefit from a wider tourism offering, incorporating experiences with a sustainable component.<\/p>\n<p><img decoding=\"async\" class=\"lazyload wp-image-2271 aligncenter\" src=\"https:\/\/activacar.com\/wp-content\/uploads\/2021\/04\/espeto-sardinas.jpg\" data-orig-src=\"https:\/\/activacar.com\/wp-content\/uploads\/2021\/04\/espeto-sardinas.jpg\" alt=\"\" width=\"567\" height=\"372\" srcset=\"data:image\/svg+xml,%3Csvg%20xmlns%3D%27http%3A%2F%2Fwww.w3.org%2F2000%2Fsvg%27%20width%3D%27567%27%20height%3D%27372%27%20viewBox%3D%270%200%20567%20372%27%3E%3Crect%20width%3D%27567%27%20height%3D%27372%27%20fill-opacity%3D%220%22%2F%3E%3C%2Fsvg%3E\" data-srcset=\"https:\/\/activacar.com\/wp-content\/uploads\/2021\/04\/espeto-sardinas-200x131.jpg 200w, https:\/\/activacar.com\/wp-content\/uploads\/2021\/04\/espeto-sardinas-400x263.jpg 400w, https:\/\/activacar.com\/wp-content\/uploads\/2021\/04\/espeto-sardinas-500x328.jpg 500w, https:\/\/activacar.com\/wp-content\/uploads\/2021\/04\/espeto-sardinas-600x394.jpg 600w, https:\/\/activacar.com\/wp-content\/uploads\/2021\/04\/espeto-sardinas.jpg 640w\" data-sizes=\"auto\" data-orig-sizes=\"(max-width: 567px) 100vw, 567px\" \/><\/p>\n<p>Information on Green Auto Tour will be available at the hotel reception, where it will be presented as just another service offered by the hotel establishment. All itineraries will be explained on the website, which will be freely accessible to the general public, allowing for bookings and arrangements to be made through it.<\/p>\n<p>Once inside the electric vehicle <strong>Activacar<\/strong> nos encontraremos <strong>QR code<\/strong> which will redirect us to the web page of <a href=\"https:\/\/greenautotour.com\/\" target=\"_blank\" rel=\"noopener\"><strong>Green Auto Tour.<\/strong><\/a><\/p>\n<p>Different ones will be offered <strong>Tour itinerary offers<\/strong>; There will be a large amount of content uploaded to our website, which will be available for free. These types of experiences will be the most basic and well-known ones offered on the Costa del Sol.<\/p>\n<p>On the other hand, we are committed to increasing the value of experiences through <strong>Special itineraries<\/strong> paid, which will be organised by our highest quality partners, who are specialised agents in the sector and experts in offering unforgettable experiences.<\/p>\n<p><img decoding=\"async\" class=\"lazyload wp-image-2272 aligncenter\" src=\"https:\/\/activacar.com\/wp-content\/uploads\/2021\/04\/golf.jpg\" data-orig-src=\"https:\/\/activacar.com\/wp-content\/uploads\/2021\/04\/golf.jpg\" alt=\"\" width=\"579\" height=\"386\" srcset=\"data:image\/svg+xml,%3Csvg%20xmlns%3D%27http%3A%2F%2Fwww.w3.org%2F2000%2Fsvg%27%20width%3D%27579%27%20height%3D%27386%27%20viewBox%3D%270%200%20579%20386%27%3E%3Crect%20width%3D%27579%27%20height%3D%27386%27%20fill-opacity%3D%220%22%2F%3E%3C%2Fsvg%3E\" data-srcset=\"https:\/\/activacar.com\/wp-content\/uploads\/2021\/04\/golf-200x133.jpg 200w, https:\/\/activacar.com\/wp-content\/uploads\/2021\/04\/golf-400x267.jpg 400w, https:\/\/activacar.com\/wp-content\/uploads\/2021\/04\/golf-500x334.jpg 500w, https:\/\/activacar.com\/wp-content\/uploads\/2021\/04\/golf-600x400.jpg 600w, https:\/\/activacar.com\/wp-content\/uploads\/2021\/04\/golf-700x467.jpg 700w, https:\/\/activacar.com\/wp-content\/uploads\/2021\/04\/golf-768x512.jpg 768w, https:\/\/activacar.com\/wp-content\/uploads\/2021\/04\/golf-800x534.jpg 800w, https:\/\/activacar.com\/wp-content\/uploads\/2021\/04\/golf.jpg 1000w\" data-sizes=\"auto\" data-orig-sizes=\"(max-width: 579px) 100vw, 579px\" \/><\/p>\n<p><strong>Itinerary Categories<\/strong><\/p>\n<ul>\n<li><strong><u>Rural Tourism<\/u><\/strong><\/li>\n<\/ul>\n<p>The province of M\u00e1laga hides some villages of enormous beauty, which are located in spots with spectacular relief and views. It's not only the coastal villages that are beautiful, but you also have to include the villages found in the interior of the province.<\/p>\n<p>M\u00e1laga is made up of white villages that preserve the abundant historical, artistic and cultural heritage of many cultures and civilisations that have populated its lands over the centuries.<\/p>\n<ul>\n<li><strong><u>Beach Tourism<\/u><\/strong><\/li>\n<\/ul>\n<p>M\u00e1laga is one of the preferred destinations for tourists looking for sun and beach.<\/p>\n<p>With a climate that offers over 320 days of sunshine a year and crystal-clear waters, the province of M\u00e1laga offers its visitors the chance to enjoy extraordinary beaches and a large number of beach bars located on them.<\/p>\n<ul>\n<li><strong><u>Cultural Tourism<\/u><\/strong><\/li>\n<\/ul>\n<p>M\u00e1laga's museum offering is the most competitive in all of Spain, having become one of the most important cultural destinations in the world in recent years.<\/p>\n<p>All thanks to the political drive that has decided to invest in a tourism model that promotes knowledge and innovation, education, and cultural entrepreneurship.<\/p>\n<p>The offering of 37 museums and exhibition centres led to the Secretary-General of the World Tourism Organisation christening M\u00e1laga as the \u201cCity of Museums\u201d.<\/p>\n<ul>\n<li><strong><u>Mountain Tourism<\/u><\/strong><\/li>\n<\/ul>\n<p>The province of M\u00e1laga is gaining more and more prominence through hiking activities. With such varied terrain between the coast and the interior, M\u00e1laga is one of the Andalusian provinces with the largest number of trails.<\/p>\n<p>Across the entire province, there are over 40 official routes of varying lengths, difficulties, and located near different types of flora and fauna. Some run through protected areas, others along rugged paths or even tranquil walks through a forest.<\/p>\n<ul>\n<li><strong><u>Wine tourism<\/u><\/strong><\/li>\n<\/ul>\n<p>Our province, in addition to sun and beach, also boasts a wide range of wineries and wines from the M\u00e1laga Designation of Origin, divided into three sub-regions: M\u00e1laga Wines, Serran\u00eda de M\u00e1laga Wines, and M\u00e1laga Raisins.<\/p>\n<p>There are over 40 wineries across the province specialising in the production of all types of wine, although fino is the most common, quality reds, dry whites and ros\u00e9s are also produced.<\/p>\n<ul>\n<li><strong><u>Sports Activity Tourism<\/u><\/strong><\/li>\n<\/ul>\n<p>M\u00e1laga, thanks to its diverse landscapes and coastline, is positioned as one of the provinces with the most opportunities for adventure sports.<\/p>\n<p>You can enjoy all sorts of activities by land, sea and air such as canyoning, bungee jumping, zip-lining, kayaking...<\/p>\n<ul>\n<li><strong><u>Golf Tourism <\/u><\/strong><\/li>\n<\/ul>\n<p>The province of M\u00e1laga is world-renowned as the Costa del Sol and also as the Costa del Golf, making it the ideal destination for fans of this sport.<\/p>\n<p>The area already has over 70 fields where sports professionals are trained and educated. This is largely influenced by the province's good weather and pleasant temperatures.<\/p>\n<ul>\n<li><strong><u>Theme Park Tourism<\/u><\/strong><\/li>\n<\/ul>\n<p>The province of M\u00e1laga boasts a wide range of theme parks where you can enjoy various types of activities with family and friends.<\/p>\n<p>There are parks related to the animal kingdom and others focused on thrills and strong experiences.<\/p>\n<ul>\n<li><strong><u>Water Park Tourism<\/u><\/strong><\/li>\n<\/ul>\n<p>One of the most popular plans during the hot summer months is to visit one of the water parks in the province of Malaga.<\/p>\n<p>It's a perfect plan for families with their children and friends looking for an alternative to the beach.<\/p>\n<p style=\"text-align: center;\">\u2014<\/p>\n<p>Ultimately, from the Green Auto Tour brand, we want to offer tourist experiences that go hand in hand with sustainability and the highest quality so that customers who use our car-sharing service can enjoy all kinds of plans in our province.<\/p>\n<p>You know it!<\/p>\n<p>Let\u2019s get behind # mobility and sustainable # routes!<\/p>\n<p>The team <strong>Activate Car and Green Auto Tour<\/strong>.<\/p>","protected":false},"excerpt":{"rendered":"<p>La marca Green Auto Tour nace en la Costa del Sol con [&hellip;]<\/p>\n","protected":false},"author":1,"featured_media":2273,"comment_status":"open","ping_status":"open","sticky":false,"template":"","format":"standard","meta":{"footnotes":""},"categories":[1,88,85,87],"tags":[],"class_list":["post-2270","post","type-post","status-publish","format-standard","has-post-thumbnail","hentry","category-activacar","category-actualidad","category-movilidad-electrica","category-proyectos"],"_links":{"self":[{"href":"https:\/\/activacar.com\/en\/wp-json\/wp\/v2\/posts\/2270","targetHints":{"allow":["GET"]}}],"collection":[{"href":"https:\/\/activacar.com\/en\/wp-json\/wp\/v2\/posts"}],"about":[{"href":"https:\/\/activacar.com\/en\/wp-json\/wp\/v2\/types\/post"}],"author":[{"embeddable":true,"href":"https:\/\/activacar.com\/en\/wp-json\/wp\/v2\/users\/1"}],"replies":[{"embeddable":true,"href":"https:\/\/activacar.com\/en\/wp-json\/wp\/v2\/comments?post=2270"}],"version-history":[{"count":2,"href":"https:\/\/activacar.com\/en\/wp-json\/wp\/v2\/posts\/2270\/revisions"}],"predecessor-version":[{"id":10238,"href":"https:\/\/activacar.com\/en\/wp-json\/wp\/v2\/posts\/2270\/revisions\/10238"}],"wp:featuredmedia":[{"embeddable":true,"href":"https:\/\/activacar.com\/en\/wp-json\/wp\/v2\/media\/2273"}],"wp:attachment":[{"href":"https:\/\/activacar.com\/en\/wp-json\/wp\/v2\/media?parent=2270"}],"wp:term":[{"taxonomy":"category","embeddable":true,"href":"https:\/\/activacar.com\/en\/wp-json\/wp\/v2\/categories?post=2270"},{"taxonomy":"post_tag","embeddable":true,"href":"https:\/\/activacar.com\/en\/wp-json\/wp\/v2\/tags?post=2270"}],"curies":[{"name":"wp","href":"https:\/\/api.w.org\/{rel}","templated":true}]}}