{"id":2078,"date":"2021-01-11T14:22:05","date_gmt":"2021-01-11T14:22:05","guid":{"rendered":"https:\/\/activacar.com\/?p=2078"},"modified":"2023-07-19T07:49:53","modified_gmt":"2023-07-19T07:49:53","slug":"resultados-de-la-encuesta-sobre-la-huella-de-carbono-del-trabajador","status":"publish","type":"post","link":"https:\/\/activacar.com\/en\/resultados-de-la-encuesta-sobre-la-huella-de-carbono-del-trabajador\/","title":{"rendered":"Resultados de la Encuesta sobre la Huella de Carbono del Trabajador"},"content":{"rendered":"<div class=\"fusion-fullwidth fullwidth-box fusion-builder-row-1 fusion-flex-container nonhundred-percent-fullwidth non-hundred-percent-height-scrolling\" style=\"--awb-border-radius-top-left:0px;--awb-border-radius-top-right:0px;--awb-border-radius-bottom-right:0px;--awb-border-radius-bottom-left:0px;\" ><div class=\"fusion-builder-row fusion-row fusion-flex-align-items-flex-start\" style=\"max-width:1320.8px;margin-left: calc(-4% \/ 2 );margin-right: calc(-4% \/ 2 );\"><div class=\"fusion-layout-column fusion_builder_column fusion-builder-column-0 fusion_builder_column_1_1 1_1 fusion-flex-column\" style=\"--awb-bg-size:cover;--awb-width-large:100%;--awb-margin-top-large:0px;--awb-spacing-right-large:1.92%;--awb-margin-bottom-large:0px;--awb-spacing-left-large:1.92%;--awb-width-medium:100%;--awb-spacing-right-medium:1.92%;--awb-spacing-left-medium:1.92%;--awb-width-small:100%;--awb-spacing-right-small:1.92%;--awb-spacing-left-small:1.92%;\"><div class=\"fusion-column-wrapper fusion-flex-justify-content-flex-start fusion-content-layout-column\"><div class=\"fusion-text fusion-text-1\"><p>En diciembre del pasado <strong>a\u00f1o 2020<\/strong>, hicimos una encuesta para conocer mejor c\u00f3mo se desplazan los empleados a sus puestos de trabajo.<\/p>\n<p>Todo ello con el fin de calcular el impacto que tiene el trabajador en el medioambiente y tambi\u00e9n para poder determinar la huella de carbono del trabajador.<\/p>\n<p>Gracias a\u00a0 este trabajo de investigaci\u00f3n hemos podido comprender mejor las tendencias actuales de los trabajadores respecto a su movilidad durante la jornada laboral y as\u00ed sacar las conclusiones que os expondremos a continuaci\u00f3n.<\/p>\n<p>El tama\u00f1o de la muestra utilizada para la interpretaci\u00f3n de los resultados es de <strong>125 personas<\/strong>.<\/p>\n<p>Empezamos con unas preguntas generales respecto a los datos m\u00e1s importantes de nuestra muestra como la <strong>edad, g\u00e9nero y rama profesional<\/strong>; llev\u00e1ndonos a una pregunta m\u00e1s relevante como es la de si la persona encuestada <strong>trabaja presencialmente<\/strong> o realiza el ya popularmente conocido como <strong>teletrabajo<\/strong>.<\/p>\n<p><img decoding=\"async\" class=\"lazyload size-medium wp-image-2084 aligncenter\" src=\"https:\/\/activacar.com\/wp-content\/uploads\/2021\/01\/tletrabajo.png\" data-orig-src=\"https:\/\/activacar.com\/wp-content\/uploads\/2021\/01\/tletrabajo.png\" alt=\"\" width=\"496\" height=\"233\" srcset=\"data:image\/svg+xml,%3Csvg%20xmlns%3D%27http%3A%2F%2Fwww.w3.org%2F2000%2Fsvg%27%20width%3D%27496%27%20height%3D%27233%27%20viewBox%3D%270%200%20496%20233%27%3E%3Crect%20width%3D%27496%27%20height%3D%27233%27%20fill-opacity%3D%220%22%2F%3E%3C%2Fsvg%3E\" data-srcset=\"https:\/\/activacar.com\/wp-content\/uploads\/2021\/01\/tletrabajo-200x94.png 200w, https:\/\/activacar.com\/wp-content\/uploads\/2021\/01\/tletrabajo-400x188.png 400w, https:\/\/activacar.com\/wp-content\/uploads\/2021\/01\/tletrabajo.png 496w\" data-sizes=\"auto\" data-orig-sizes=\"(max-width: 496px) 100vw, 496px\" \/><\/p>\n<p>Entendimos que, aunque se hab\u00eda producido un auge del teletrabajo debido a la pandemia, la mayor\u00eda de los trabajadores segu\u00edan acudiendo a sus empresas de manera presencial. Esto nos indica que el trabajador tiene que seguir usando distintos<strong> medios de transporte<\/strong> para llegar a su destino, por lo que acaban contaminando m\u00e1s o menos dependiendo del tipo de transporte utilizado.<\/p>\n<p><img decoding=\"async\" class=\"lazyload size-full wp-image-2083 aligncenter\" src=\"https:\/\/activacar.com\/wp-content\/uploads\/2021\/01\/tipo-transporte.png\" data-orig-src=\"https:\/\/activacar.com\/wp-content\/uploads\/2021\/01\/tipo-transporte.png\" alt=\"\" width=\"526\" height=\"234\" srcset=\"data:image\/svg+xml,%3Csvg%20xmlns%3D%27http%3A%2F%2Fwww.w3.org%2F2000%2Fsvg%27%20width%3D%27526%27%20height%3D%27234%27%20viewBox%3D%270%200%20526%20234%27%3E%3Crect%20width%3D%27526%27%20height%3D%27234%27%20fill-opacity%3D%220%22%2F%3E%3C%2Fsvg%3E\" data-srcset=\"https:\/\/activacar.com\/wp-content\/uploads\/2021\/01\/tipo-transporte-200x89.png 200w, https:\/\/activacar.com\/wp-content\/uploads\/2021\/01\/tipo-transporte-400x178.png 400w, https:\/\/activacar.com\/wp-content\/uploads\/2021\/01\/tipo-transporte-500x222.png 500w, https:\/\/activacar.com\/wp-content\/uploads\/2021\/01\/tipo-transporte.png 526w\" data-sizes=\"auto\" data-orig-sizes=\"(max-width: 526px) 100vw, 526px\" \/><\/p>\n<p>Comprobamos que, aunque el uso del <strong>veh\u00edculo privado<\/strong> sigue siendo utilizado por la mayor\u00eda de la poblaci\u00f3n, el <strong>transporte p\u00fablico<\/strong> coge fuerza al igual que el hecho de acudir <strong>andando<\/strong> a su puesto de trabajo. Esto \u00faltimo en muchas ocasiones se ve por parte del trabajador como una oportunidad para hacer algo m\u00e1s de deporte.<\/p>\n<p><span style=\"font-weight: 400;\">Preguntamos por la distancia recorrida de media por los trabajadores a diario, lo cual nos indic\u00f3 claramente que m\u00e1s del 65% de los trabajadores recorren menos de 8 km en cada <\/span><b>trayecto,<\/b><span style=\"font-weight: 400;\"> siendo este considerado como un desplazamiento corto.<\/span><\/p>\n<p><img decoding=\"async\" class=\"lazyload size-medium wp-image-2081 aligncenter\" src=\"https:\/\/activacar.com\/wp-content\/uploads\/2021\/01\/Kms.png\" data-orig-src=\"https:\/\/activacar.com\/wp-content\/uploads\/2021\/01\/Kms.png\" alt=\"\" width=\"497\" height=\"228\" srcset=\"data:image\/svg+xml,%3Csvg%20xmlns%3D%27http%3A%2F%2Fwww.w3.org%2F2000%2Fsvg%27%20width%3D%27497%27%20height%3D%27228%27%20viewBox%3D%270%200%20497%20228%27%3E%3Crect%20width%3D%27497%27%20height%3D%27228%27%20fill-opacity%3D%220%22%2F%3E%3C%2Fsvg%3E\" data-srcset=\"https:\/\/activacar.com\/wp-content\/uploads\/2021\/01\/Kms-200x92.png 200w, https:\/\/activacar.com\/wp-content\/uploads\/2021\/01\/Kms-400x184.png 400w, https:\/\/activacar.com\/wp-content\/uploads\/2021\/01\/Kms.png 497w\" data-sizes=\"auto\" data-orig-sizes=\"(max-width: 497px) 100vw, 497px\" \/><\/p>\n<p><span style=\"font-weight: 400;\">Otra pregunta que nos interesaba <\/span>lanzar a nuestros encuestados de cara a poder saber si un servicio de carsharing dentro de la empresa podr\u00eda tener sentido es el porcentaje de trabajadores que realizan m\u00e1s <strong>desplazamientos dentro de la jornada laboral<\/strong>. Los datos indicaron que un <strong>45,7 %<\/strong> de los trabajadores utiliza el veh\u00edculo m\u00e1s veces aparte del trayecto de ida y vuelta.<\/p>\n<p><img decoding=\"async\" class=\"lazyload size-full wp-image-2079 aligncenter\" src=\"https:\/\/activacar.com\/wp-content\/uploads\/2021\/01\/movimiento.png\" data-orig-src=\"https:\/\/activacar.com\/wp-content\/uploads\/2021\/01\/movimiento.png\" alt=\"\" width=\"474\" height=\"245\" srcset=\"data:image\/svg+xml,%3Csvg%20xmlns%3D%27http%3A%2F%2Fwww.w3.org%2F2000%2Fsvg%27%20width%3D%27474%27%20height%3D%27245%27%20viewBox%3D%270%200%20474%20245%27%3E%3Crect%20width%3D%27474%27%20height%3D%27245%27%20fill-opacity%3D%220%22%2F%3E%3C%2Fsvg%3E\" data-srcset=\"https:\/\/activacar.com\/wp-content\/uploads\/2021\/01\/movimiento-200x103.png 200w, https:\/\/activacar.com\/wp-content\/uploads\/2021\/01\/movimiento-400x207.png 400w, https:\/\/activacar.com\/wp-content\/uploads\/2021\/01\/movimiento.png 474w\" data-sizes=\"auto\" data-orig-sizes=\"(max-width: 474px) 100vw, 474px\" \/><\/p>\n<p><span style=\"font-weight: 400;\">Tambi\u00e9n consider\u00e1bamos como algo relevante el conocer el <strong>tipo de combusti\u00f3n del veh\u00edculo<\/strong>, el cual nos ayuda a saber mejor el grado de impacto medioambiental que tiene el veh\u00edculo. Nos sorprendi\u00f3 que una muestra relativamente peque\u00f1a un <strong>5 %<\/strong> de la poblaci\u00f3n fuera ya propietaria de <strong>veh\u00edculos el\u00e9ctricos<\/strong>.<\/span><\/p>\n<p><img decoding=\"async\" class=\"lazyload size-full wp-image-2082 aligncenter\" src=\"https:\/\/activacar.com\/wp-content\/uploads\/2021\/01\/tipo-combustion.png\" data-orig-src=\"https:\/\/activacar.com\/wp-content\/uploads\/2021\/01\/tipo-combustion.png\" alt=\"\" width=\"466\" height=\"238\" srcset=\"data:image\/svg+xml,%3Csvg%20xmlns%3D%27http%3A%2F%2Fwww.w3.org%2F2000%2Fsvg%27%20width%3D%27466%27%20height%3D%27238%27%20viewBox%3D%270%200%20466%20238%27%3E%3Crect%20width%3D%27466%27%20height%3D%27238%27%20fill-opacity%3D%220%22%2F%3E%3C%2Fsvg%3E\" data-srcset=\"https:\/\/activacar.com\/wp-content\/uploads\/2021\/01\/tipo-combustion-200x102.png 200w, https:\/\/activacar.com\/wp-content\/uploads\/2021\/01\/tipo-combustion-400x204.png 400w, https:\/\/activacar.com\/wp-content\/uploads\/2021\/01\/tipo-combustion.png 466w\" data-sizes=\"auto\" data-orig-sizes=\"(max-width: 466px) 100vw, 466px\" \/><\/p>\n<p><span style=\"font-weight: 400;\">Por \u00faltimo preguntamos a los trabajadores si estar\u00edan interesados en que la empresa en la que trabajan ofreciera un <strong>carsharing service<\/strong> para sus empleados de manera gratuita. La respuesta fue afirmativa en una amplia mayor\u00eda de los trabajadores.<\/span><\/p>\n<p><img decoding=\"async\" class=\"lazyload size-medium wp-image-2080 aligncenter\" src=\"https:\/\/activacar.com\/wp-content\/uploads\/2021\/01\/carsharing.png\" data-orig-src=\"https:\/\/activacar.com\/wp-content\/uploads\/2021\/01\/carsharing.png\" alt=\"\" width=\"461\" height=\"259\" srcset=\"data:image\/svg+xml,%3Csvg%20xmlns%3D%27http%3A%2F%2Fwww.w3.org%2F2000%2Fsvg%27%20width%3D%27461%27%20height%3D%27259%27%20viewBox%3D%270%200%20461%20259%27%3E%3Crect%20width%3D%27461%27%20height%3D%27259%27%20fill-opacity%3D%220%22%2F%3E%3C%2Fsvg%3E\" data-srcset=\"https:\/\/activacar.com\/wp-content\/uploads\/2021\/01\/carsharing-200x112.png 200w, https:\/\/activacar.com\/wp-content\/uploads\/2021\/01\/carsharing-400x225.png 400w, https:\/\/activacar.com\/wp-content\/uploads\/2021\/01\/carsharing.png 461w\" data-sizes=\"auto\" data-orig-sizes=\"(max-width: 461px) 100vw, 461px\" \/><\/p>\n<p><span style=\"font-weight: 400;\">Gracias a la encuesta realizada pudimos llegar a varias conclusiones:<\/span><\/p>\n<p><span style=\"font-weight: 400;\">&#8211;<\/span><span style=\"font-weight: 400;\"> \u00a0 \u00a0 \u00a0 \u00a0 <\/span><b>El medio de transporte mayoritario sigue siendo el veh\u00edculo privado.<\/b><\/p>\n<p><span style=\"font-weight: 400;\">&#8211;<\/span><span style=\"font-weight: 400;\"> \u00a0 \u00a0 \u00a0 \u00a0 <\/span><b>La distancia media entre la residencia y el lugar de trabajo es corta.<\/b><\/p>\n<p><span style=\"font-weight: 400;\">&#8211;<\/span><span style=\"font-weight: 400;\"> \u00a0 \u00a0 \u00a0 \u00a0 <\/span><b>La gente apuesta por el carsharing como futuro modelo de transporte.<\/b><\/p>\n<p><span style=\"font-weight: 400;\">&#8211;<\/span><span style=\"font-weight: 400;\"> \u00a0 \u00a0 \u00a0 \u00a0 <\/span><b>Existe una tendencia nueva de adquirir coches el\u00e9ctricos.<\/b><\/p>\n<p><span style=\"font-weight: 400;\">&#8211;<\/span><span style=\"font-weight: 400;\"> \u00a0 \u00a0 \u00a0 \u00a0 <\/span><b>Un porcentaje relevante de trabajadores se desplaza durante su jornada laboral.<\/b><\/p>\n<p><b>Seguiremos trabajando desde el equipo de Activar para poder aportar m\u00e1s conocimiento y claridad en nuestra apuesta por la #movilidadsostenible en el mundo laboral.\u00a0<\/b><\/p>\n<p><span style=\"font-weight: 400;\">\u00a1Gracias por vuestro tiempo!<\/span><\/p>\n<p><span style=\"font-weight: 400;\">Consultanos en redes sociales.<\/span><\/p>\n<\/div><\/div><\/div><\/div><\/div>","protected":false},"excerpt":{"rendered":"","protected":false},"author":1,"featured_media":4333,"comment_status":"open","ping_status":"open","sticky":false,"template":"","format":"standard","meta":{"footnotes":""},"categories":[88],"tags":[],"class_list":["post-2078","post","type-post","status-publish","format-standard","has-post-thumbnail","hentry","category-actualidad"],"_links":{"self":[{"href":"https:\/\/activacar.com\/en\/wp-json\/wp\/v2\/posts\/2078","targetHints":{"allow":["GET"]}}],"collection":[{"href":"https:\/\/activacar.com\/en\/wp-json\/wp\/v2\/posts"}],"about":[{"href":"https:\/\/activacar.com\/en\/wp-json\/wp\/v2\/types\/post"}],"author":[{"embeddable":true,"href":"https:\/\/activacar.com\/en\/wp-json\/wp\/v2\/users\/1"}],"replies":[{"embeddable":true,"href":"https:\/\/activacar.com\/en\/wp-json\/wp\/v2\/comments?post=2078"}],"version-history":[{"count":2,"href":"https:\/\/activacar.com\/en\/wp-json\/wp\/v2\/posts\/2078\/revisions"}],"predecessor-version":[{"id":10131,"href":"https:\/\/activacar.com\/en\/wp-json\/wp\/v2\/posts\/2078\/revisions\/10131"}],"wp:featuredmedia":[{"embeddable":true,"href":"https:\/\/activacar.com\/en\/wp-json\/wp\/v2\/media\/4333"}],"wp:attachment":[{"href":"https:\/\/activacar.com\/en\/wp-json\/wp\/v2\/media?parent=2078"}],"wp:term":[{"taxonomy":"category","embeddable":true,"href":"https:\/\/activacar.com\/en\/wp-json\/wp\/v2\/categories?post=2078"},{"taxonomy":"post_tag","embeddable":true,"href":"https:\/\/activacar.com\/en\/wp-json\/wp\/v2\/tags?post=2078"}],"curies":[{"name":"wp","href":"https:\/\/api.w.org\/{rel}","templated":true}]}}